{"id":9670,"date":"2026-08-31T16:11:14","date_gmt":"2026-08-31T14:11:14","guid":{"rendered":"https:\/\/muzeumewolucji.pl\/?p=9670"},"modified":"2026-08-31T16:13:52","modified_gmt":"2026-08-31T14:13:52","slug":"nowy-zolw-z-triasu-francji","status":"publish","type":"post","link":"https:\/\/muzeumewolucji.pl\/?p=9670","title":{"rendered":"Nowy \u017c\u00f3\u0142w z triasu Francji"},"content":{"rendered":"\t\t<div data-elementor-type=\"wp-post\" data-elementor-id=\"9670\" class=\"elementor elementor-9670\">\n\t\t\t\t\t\t\t\t\t<section class=\"elementor-section elementor-top-section elementor-element elementor-element-7d95f600 elementor-section-boxed elementor-section-height-default elementor-section-height-default\" data-id=\"7d95f600\" data-element_type=\"section\">\n\t\t\t\t\t\t<div class=\"elementor-container elementor-column-gap-default\">\n\t\t\t\t\t<div class=\"elementor-column elementor-col-100 elementor-top-column elementor-element elementor-element-27ff5f3a\" data-id=\"27ff5f3a\" data-element_type=\"column\">\n\t\t\t<div class=\"elementor-widget-wrap elementor-element-populated\">\n\t\t\t\t\t\t\t\t<div class=\"elementor-element elementor-element-7c08c3ed elementor-widget elementor-widget-heading\" data-id=\"7c08c3ed\" data-element_type=\"widget\" data-widget_type=\"heading.default\">\n\t\t\t\t<div class=\"elementor-widget-container\">\n\t\t\t<h3 class=\"elementor-heading-title elementor-size-default\">Nowy \u017c\u00f3\u0142w z triasu Francji<\/h3>\t\t<\/div>\n\t\t\t\t<\/div>\n\t\t\t\t\t<\/div>\n\t\t<\/div>\n\t\t\t\t\t\t\t<\/div>\n\t\t<\/section>\n\t\t\t\t<section class=\"elementor-section elementor-top-section elementor-element elementor-element-25358dd5 elementor-section-boxed elementor-section-height-default elementor-section-height-default\" data-id=\"25358dd5\" data-element_type=\"section\">\n\t\t\t\t\t\t<div class=\"elementor-container elementor-column-gap-default\">\n\t\t\t\t\t<div class=\"elementor-column elementor-col-100 elementor-top-column elementor-element elementor-element-2b94df90\" data-id=\"2b94df90\" data-element_type=\"column\">\n\t\t\t<div class=\"elementor-widget-wrap elementor-element-populated\">\n\t\t\t\t\t\t\t\t<div class=\"elementor-element elementor-element-58402372 elementor-widget elementor-widget-text-editor\" data-id=\"58402372\" data-element_type=\"widget\" data-widget_type=\"text-editor.default\">\n\t\t\t\t<div class=\"elementor-widget-container\">\n\t\t\t\t\t\t\t<p><a href=\"https:\/\/i0.wp.com\/muzeumewolucji.pl\/wp-content\/uploads\/2026\/08\/Media_2026_Szczygielski.jpg?ssl=1\"><img fetchpriority=\"high\" decoding=\"async\" data-recalc-dims=\"1\" class=\"alignright wp-image-9671\" src=\"https:\/\/i0.wp.com\/muzeumewolucji.pl\/wp-content\/uploads\/2026\/08\/Media_2026_Szczygielski.jpg?resize=500%2C259&#038;ssl=1\" alt=\"Czarna plansza z publikacji, trzy br\u0105zowe fragmenty skamienia\u0142ego pancerza triasowego \u017c\u00f3\u0142wia.\" width=\"500\" height=\"259\" srcset=\"https:\/\/i0.wp.com\/muzeumewolucji.pl\/wp-content\/uploads\/2026\/08\/Media_2026_Szczygielski.jpg?w=965&amp;ssl=1 965w, https:\/\/i0.wp.com\/muzeumewolucji.pl\/wp-content\/uploads\/2026\/08\/Media_2026_Szczygielski.jpg?resize=300%2C155&amp;ssl=1 300w, https:\/\/i0.wp.com\/muzeumewolucji.pl\/wp-content\/uploads\/2026\/08\/Media_2026_Szczygielski.jpg?resize=768%2C398&amp;ssl=1 768w\" sizes=\"(max-width: 500px) 100vw, 500px\" \/><\/a>Najstarsze <a href=\"https:\/\/pl.wikipedia.org\/wiki\/\u017b\u00f3\u0142wie\" target=\"_blank\" rel=\"noopener\">\u017c\u00f3\u0142wie<\/a> znane s\u0105 ze \u015brodkowego <a href=\"https:\/\/pl.wikipedia.org\/wiki\/Trias_p\u00f3\u017any\" target=\"_blank\" rel=\"noopener\">p\u00f3\u017anego triasu<\/a> (<a href=\"https:\/\/pl.wikipedia.org\/wiki\/Noryk\" target=\"_blank\" rel=\"noopener\">noryku<\/a>), ale ich zapis w najp\u00f3\u017aniejszej cz\u0119\u015bci triasu (<a href=\"https:\/\/pl.wikipedia.org\/wiki\/Retyk_(geologia)\" target=\"_blank\" rel=\"noopener\">retyk<\/a>) jest bardzo ubogi. <em>Bartassochersis lopezi<\/em> z Francji jest pierwszym retyckim \u017c\u00f3\u0142wiem z p\u00f3\u0142kuli p\u00f3\u0142nocnej. Nowy gatunek jest najm\u0142odszym przedstawicielem znanego r\u00f3wnie\u017c z Polski <a href=\"https:\/\/pl.wikipedia.org\/wiki\/Klad\" target=\"_blank\" rel=\"noopener\">kladu<\/a> <u>Proterochersidae<\/u> i wykazuje wiele unikatowych cech, co sugeruje, \u017ce grupa ta podlega\u0142a intensywnej ewolucji i <a href=\"https:\/\/pl.wikipedia.org\/wiki\/Radiacja_ewolucyjna\" target=\"_blank\" rel=\"noopener\">r\u00f3\u017cnicowaniu<\/a>, zanim <a href=\"https:\/\/pl.wikipedia.org\/wiki\/Wymieranie_triasowe\" target=\"_blank\" rel=\"noopener\">wygin\u0119\u0142a na prze\u0142omie triasu i jury<\/a>. Modele 3D <em>Bartassochersis<\/em> pobra\u0107 mo\u017cna z <a href=\"https:\/\/doi.org\/10.18563\/journal.m3.301\" target=\"_blank\" rel=\"noopener\">MorphoMuseuM<\/a>.<\/p><p>Ilustracja: <em>Bartassochersis lopezi<\/em>, tylna cz\u0119\u015b\u0107 plastronu (brzusznej cz\u0119\u015bci pancerza) w widoku od g\u00f3ry (po lewej) i od spodu (po\u015brodku) oraz powi\u0105zany naturalny odlew powierzchni brzusznej (po prawej). Przyro\u015bni\u0119cie miednicy i obecno\u015b\u0107 tylnego zestawu dodatkowych tarczek rogowych \u015bwiadcz\u0105 o przynale\u017cno\u015bci do <u>Proterochersidae<\/u>. Skala: 1 cm. Okaz z kolekcji Uniwersytetu w Montpellier, Francja<\/p>\t\t\t\t\t\t<\/div>\n\t\t\t\t<\/div>\n\t\t\t\t\t<\/div>\n\t\t<\/div>\n\t\t\t\t\t\t\t<\/div>\n\t\t<\/section>\n\t\t\t\t<section class=\"elementor-section elementor-top-section elementor-element elementor-element-20214654 elementor-section-boxed elementor-section-height-default elementor-section-height-default\" data-id=\"20214654\" data-element_type=\"section\">\n\t\t\t\t\t\t<div class=\"elementor-container elementor-column-gap-default\">\n\t\t\t\t\t<div class=\"elementor-column elementor-col-100 elementor-top-column elementor-element elementor-element-1a93d20a\" data-id=\"1a93d20a\" data-element_type=\"column\">\n\t\t\t<div class=\"elementor-widget-wrap elementor-element-populated\">\n\t\t\t\t\t\t\t\t<div class=\"elementor-element elementor-element-1a6b057f elementor-widget elementor-widget-text-editor\" data-id=\"1a6b057f\" data-element_type=\"widget\" data-widget_type=\"text-editor.default\">\n\t\t\t\t<div class=\"elementor-widget-container\">\n\t\t\t\t\t\t\t<p><strong>Publikacja IPal PAN:<\/strong> <a href=\"https:\/\/www.paleo.pan.pl\/pl\/Szczygielski.html\" target=\"_blank\" rel=\"noopener\">Szczygielski T.<\/a>, Celestin F., Adnet S., Guinot G. 2026. Triassic turtles of France: the first European Rhaetian stem turtle taxon (clades <em>Testudinata<\/em>, <em>Proterochersidae<\/em>). Swiss Journal of Palaeontology 145: 851\u2013879. <a href=\"https:\/\/doi.org\/10.3897\/sjp.145.198341\" target=\"_blank\" rel=\"noopener\">https:\/\/doi.org\/10.3897\/sjp.145.198341<\/a><\/p>\t\t\t\t\t\t<\/div>\n\t\t\t\t<\/div>\n\t\t\t\t\t<\/div>\n\t\t<\/div>\n\t\t\t\t\t\t\t<\/div>\n\t\t<\/section>\n\t\t\t\t\t\t\t<\/div>\n\t\t","protected":false},"excerpt":{"rendered":"<p>Najstarsze \u017c\u00f3\u0142wie znane s\u0105 ze \u015brodkowego p\u00f3\u017anego triasu (noryku), ale ich zapis w najp\u00f3\u017aniejszej cz\u0119\u015bci triasu (retyk) jest bardzo ubogi&#8230;<\/p>\n","protected":false},"author":3,"featured_media":9671,"comment_status":"closed","ping_status":"closed","sticky":false,"template":"","format":"standard","meta":{"_jetpack_memberships_contains_paid_content":false,"footnotes":""},"categories":[68],"tags":[],"class_list":["post-9670","post","type-post","status-publish","format-standard","has-post-thumbnail","hentry","category-aktualnosci-naukowe"],"yoast_head":"<!-- This site is optimized with the Yoast SEO plugin v26.8 - https:\/\/yoast.com\/product\/yoast-seo-wordpress\/ -->\n<title>Nowy \u017c\u00f3\u0142w z triasu Francji - Muzeum Ewolucji Instytutu Paleobiologii PAN<\/title>\n<meta name=\"robots\" content=\"index, follow, max-snippet:-1, max-image-preview:large, max-video-preview:-1\" \/>\n<link rel=\"canonical\" href=\"https:\/\/muzeumewolucji.pl\/?p=9670\" \/>\n<meta property=\"og:locale\" content=\"pl_PL\" \/>\n<meta property=\"og:type\" content=\"article\" \/>\n<meta property=\"og:title\" content=\"Nowy \u017c\u00f3\u0142w z triasu Francji - Muzeum Ewolucji Instytutu Paleobiologii PAN\" \/>\n<meta property=\"og:description\" content=\"Najstarsze \u017c\u00f3\u0142wie znane s\u0105 ze \u015brodkowego p\u00f3\u017anego triasu (noryku), ale ich zapis w najp\u00f3\u017aniejszej cz\u0119\u015bci triasu (retyk) jest bardzo ubogi...\" \/>\n<meta property=\"og:url\" content=\"https:\/\/muzeumewolucji.pl\/?p=9670\" \/>\n<meta property=\"og:site_name\" content=\"Muzeum Ewolucji Instytutu Paleobiologii PAN\" \/>\n<meta property=\"article:published_time\" content=\"2026-08-31T14:11:14+00:00\" \/>\n<meta property=\"article:modified_time\" content=\"2026-08-31T14:13:52+00:00\" \/>\n<meta property=\"og:image\" content=\"https:\/\/muzeumewolucji.pl\/wp-content\/uploads\/2026\/08\/Media_2026_Szczygielski.jpg\" \/>\n\t<meta property=\"og:image:width\" content=\"965\" \/>\n\t<meta property=\"og:image:height\" content=\"500\" \/>\n\t<meta property=\"og:image:type\" content=\"image\/jpeg\" \/>\n<meta name=\"author\" content=\"Agnieszka K.\" \/>\n<meta name=\"twitter:card\" content=\"summary_large_image\" \/>\n<meta name=\"twitter:label1\" content=\"Napisane przez\" \/>\n\t<meta name=\"twitter:data1\" content=\"Agnieszka K.\" \/>\n\t<meta name=\"twitter:label2\" content=\"Szacowany czas czytania\" \/>\n\t<meta name=\"twitter:data2\" content=\"2 minuty\" \/>\n<script type=\"application\/ld+json\" class=\"yoast-schema-graph\">{\"@context\":\"https:\/\/schema.org\",\"@graph\":[{\"@type\":\"Article\",\"@id\":\"https:\/\/muzeumewolucji.pl\/?p=9670#article\",\"isPartOf\":{\"@id\":\"https:\/\/muzeumewolucji.pl\/?p=9670\"},\"author\":{\"name\":\"Agnieszka K.\",\"@id\":\"https:\/\/muzeumewolucji.pl\/#\/schema\/person\/71a186d6f255ae6d2725b8c048ab5eb7\"},\"headline\":\"Nowy \u017c\u00f3\u0142w z triasu Francji\",\"datePublished\":\"2026-08-31T14:11:14+00:00\",\"dateModified\":\"2026-08-31T14:13:52+00:00\",\"mainEntityOfPage\":{\"@id\":\"https:\/\/muzeumewolucji.pl\/?p=9670\"},\"wordCount\":184,\"publisher\":{\"@id\":\"https:\/\/muzeumewolucji.pl\/#organization\"},\"image\":{\"@id\":\"https:\/\/muzeumewolucji.pl\/?p=9670#primaryimage\"},\"thumbnailUrl\":\"https:\/\/i0.wp.com\/muzeumewolucji.pl\/wp-content\/uploads\/2026\/08\/Media_2026_Szczygielski.jpg?fit=965%2C500&ssl=1\",\"articleSection\":[\"Aktualno\u015bci naukowe\"],\"inLanguage\":\"pl-PL\"},{\"@type\":\"WebPage\",\"@id\":\"https:\/\/muzeumewolucji.pl\/?p=9670\",\"url\":\"https:\/\/muzeumewolucji.pl\/?p=9670\",\"name\":\"Nowy \u017c\u00f3\u0142w z triasu Francji - Muzeum Ewolucji Instytutu Paleobiologii PAN\",\"isPartOf\":{\"@id\":\"https:\/\/muzeumewolucji.pl\/#website\"},\"primaryImageOfPage\":{\"@id\":\"https:\/\/muzeumewolucji.pl\/?p=9670#primaryimage\"},\"image\":{\"@id\":\"https:\/\/muzeumewolucji.pl\/?p=9670#primaryimage\"},\"thumbnailUrl\":\"https:\/\/i0.wp.com\/muzeumewolucji.pl\/wp-content\/uploads\/2026\/08\/Media_2026_Szczygielski.jpg?fit=965%2C500&ssl=1\",\"datePublished\":\"2026-08-31T14:11:14+00:00\",\"dateModified\":\"2026-08-31T14:13:52+00:00\",\"breadcrumb\":{\"@id\":\"https:\/\/muzeumewolucji.pl\/?p=9670#breadcrumb\"},\"inLanguage\":\"pl-PL\",\"potentialAction\":[{\"@type\":\"ReadAction\",\"target\":[\"https:\/\/muzeumewolucji.pl\/?p=9670\"]}]},{\"@type\":\"ImageObject\",\"inLanguage\":\"pl-PL\",\"@id\":\"https:\/\/muzeumewolucji.pl\/?p=9670#primaryimage\",\"url\":\"https:\/\/i0.wp.com\/muzeumewolucji.pl\/wp-content\/uploads\/2026\/08\/Media_2026_Szczygielski.jpg?fit=965%2C500&ssl=1\",\"contentUrl\":\"https:\/\/i0.wp.com\/muzeumewolucji.pl\/wp-content\/uploads\/2026\/08\/Media_2026_Szczygielski.jpg?fit=965%2C500&ssl=1\",\"width\":965,\"height\":500,\"caption\":\"Czarna plansza z publikacji, trzy br\u0105zowe fragmenty skamienia\u0142ego pancerza triasowego \u017c\u00f3\u0142wia.\"},{\"@type\":\"BreadcrumbList\",\"@id\":\"https:\/\/muzeumewolucji.pl\/?p=9670#breadcrumb\",\"itemListElement\":[{\"@type\":\"ListItem\",\"position\":1,\"name\":\"Home\",\"item\":\"https:\/\/muzeumewolucji.pl\/\"},{\"@type\":\"ListItem\",\"position\":2,\"name\":\"Nowy \u017c\u00f3\u0142w z triasu Francji\"}]},{\"@type\":\"WebSite\",\"@id\":\"https:\/\/muzeumewolucji.pl\/#website\",\"url\":\"https:\/\/muzeumewolucji.pl\/\",\"name\":\"Muzeum Ewolucji Instytutu Paleobiologii PAN\",\"description\":\"Popularyzujemy wiedz\u0119 o ewolucji \u017cycia na Ziemi\",\"publisher\":{\"@id\":\"https:\/\/muzeumewolucji.pl\/#organization\"},\"potentialAction\":[{\"@type\":\"SearchAction\",\"target\":{\"@type\":\"EntryPoint\",\"urlTemplate\":\"https:\/\/muzeumewolucji.pl\/?s={search_term_string}\"},\"query-input\":{\"@type\":\"PropertyValueSpecification\",\"valueRequired\":true,\"valueName\":\"search_term_string\"}}],\"inLanguage\":\"pl-PL\"},{\"@type\":\"Organization\",\"@id\":\"https:\/\/muzeumewolucji.pl\/#organization\",\"name\":\"Muzeum Ewolucji Instytutu Paleobiologii PAN\",\"url\":\"https:\/\/muzeumewolucji.pl\/\",\"logo\":{\"@type\":\"ImageObject\",\"inLanguage\":\"pl-PL\",\"@id\":\"https:\/\/muzeumewolucji.pl\/#\/schema\/logo\/image\/\",\"url\":\"https:\/\/i0.wp.com\/muzeumewolucji.pl\/wp-content\/uploads\/2025\/10\/D-ME-logo-2025.png?fit=450%2C171&ssl=1\",\"contentUrl\":\"https:\/\/i0.wp.com\/muzeumewolucji.pl\/wp-content\/uploads\/2025\/10\/D-ME-logo-2025.png?fit=450%2C171&ssl=1\",\"width\":450,\"height\":171,\"caption\":\"Muzeum Ewolucji Instytutu Paleobiologii PAN\"},\"image\":{\"@id\":\"https:\/\/muzeumewolucji.pl\/#\/schema\/logo\/image\/\"}},{\"@type\":\"Person\",\"@id\":\"https:\/\/muzeumewolucji.pl\/#\/schema\/person\/71a186d6f255ae6d2725b8c048ab5eb7\",\"name\":\"Agnieszka K.\",\"image\":{\"@type\":\"ImageObject\",\"inLanguage\":\"pl-PL\",\"@id\":\"https:\/\/muzeumewolucji.pl\/#\/schema\/person\/image\/\",\"url\":\"https:\/\/secure.gravatar.com\/avatar\/9eca70a651f3154247388f2bd70d8f59?s=96&d=mm&r=g\",\"contentUrl\":\"https:\/\/secure.gravatar.com\/avatar\/9eca70a651f3154247388f2bd70d8f59?s=96&d=mm&r=g\",\"caption\":\"Agnieszka K.\"},\"url\":\"https:\/\/muzeumewolucji.pl\/?author=3\"}]}<\/script>\n<!-- \/ Yoast SEO plugin. -->","yoast_head_json":{"title":"Nowy \u017c\u00f3\u0142w z triasu Francji - Muzeum Ewolucji Instytutu Paleobiologii PAN","robots":{"index":"index","follow":"follow","max-snippet":"max-snippet:-1","max-image-preview":"max-image-preview:large","max-video-preview":"max-video-preview:-1"},"canonical":"https:\/\/muzeumewolucji.pl\/?p=9670","og_locale":"pl_PL","og_type":"article","og_title":"Nowy \u017c\u00f3\u0142w z triasu Francji - Muzeum Ewolucji Instytutu Paleobiologii PAN","og_description":"Najstarsze \u017c\u00f3\u0142wie znane s\u0105 ze \u015brodkowego p\u00f3\u017anego triasu (noryku), ale ich zapis w najp\u00f3\u017aniejszej cz\u0119\u015bci triasu (retyk) jest bardzo ubogi...","og_url":"https:\/\/muzeumewolucji.pl\/?p=9670","og_site_name":"Muzeum Ewolucji Instytutu Paleobiologii PAN","article_published_time":"2026-08-31T14:11:14+00:00","article_modified_time":"2026-08-31T14:13:52+00:00","og_image":[{"width":965,"height":500,"url":"https:\/\/muzeumewolucji.pl\/wp-content\/uploads\/2026\/08\/Media_2026_Szczygielski.jpg","type":"image\/jpeg"}],"author":"Agnieszka K.","twitter_card":"summary_large_image","twitter_misc":{"Napisane przez":"Agnieszka K.","Szacowany czas czytania":"2 minuty"},"schema":{"@context":"https:\/\/schema.org","@graph":[{"@type":"Article","@id":"https:\/\/muzeumewolucji.pl\/?p=9670#article","isPartOf":{"@id":"https:\/\/muzeumewolucji.pl\/?p=9670"},"author":{"name":"Agnieszka K.","@id":"https:\/\/muzeumewolucji.pl\/#\/schema\/person\/71a186d6f255ae6d2725b8c048ab5eb7"},"headline":"Nowy \u017c\u00f3\u0142w z triasu Francji","datePublished":"2026-08-31T14:11:14+00:00","dateModified":"2026-08-31T14:13:52+00:00","mainEntityOfPage":{"@id":"https:\/\/muzeumewolucji.pl\/?p=9670"},"wordCount":184,"publisher":{"@id":"https:\/\/muzeumewolucji.pl\/#organization"},"image":{"@id":"https:\/\/muzeumewolucji.pl\/?p=9670#primaryimage"},"thumbnailUrl":"https:\/\/i0.wp.com\/muzeumewolucji.pl\/wp-content\/uploads\/2026\/08\/Media_2026_Szczygielski.jpg?fit=965%2C500&ssl=1","articleSection":["Aktualno\u015bci naukowe"],"inLanguage":"pl-PL"},{"@type":"WebPage","@id":"https:\/\/muzeumewolucji.pl\/?p=9670","url":"https:\/\/muzeumewolucji.pl\/?p=9670","name":"Nowy \u017c\u00f3\u0142w z triasu Francji - Muzeum Ewolucji Instytutu Paleobiologii PAN","isPartOf":{"@id":"https:\/\/muzeumewolucji.pl\/#website"},"primaryImageOfPage":{"@id":"https:\/\/muzeumewolucji.pl\/?p=9670#primaryimage"},"image":{"@id":"https:\/\/muzeumewolucji.pl\/?p=9670#primaryimage"},"thumbnailUrl":"https:\/\/i0.wp.com\/muzeumewolucji.pl\/wp-content\/uploads\/2026\/08\/Media_2026_Szczygielski.jpg?fit=965%2C500&ssl=1","datePublished":"2026-08-31T14:11:14+00:00","dateModified":"2026-08-31T14:13:52+00:00","breadcrumb":{"@id":"https:\/\/muzeumewolucji.pl\/?p=9670#breadcrumb"},"inLanguage":"pl-PL","potentialAction":[{"@type":"ReadAction","target":["https:\/\/muzeumewolucji.pl\/?p=9670"]}]},{"@type":"ImageObject","inLanguage":"pl-PL","@id":"https:\/\/muzeumewolucji.pl\/?p=9670#primaryimage","url":"https:\/\/i0.wp.com\/muzeumewolucji.pl\/wp-content\/uploads\/2026\/08\/Media_2026_Szczygielski.jpg?fit=965%2C500&ssl=1","contentUrl":"https:\/\/i0.wp.com\/muzeumewolucji.pl\/wp-content\/uploads\/2026\/08\/Media_2026_Szczygielski.jpg?fit=965%2C500&ssl=1","width":965,"height":500,"caption":"Czarna plansza z publikacji, trzy br\u0105zowe fragmenty skamienia\u0142ego pancerza triasowego \u017c\u00f3\u0142wia."},{"@type":"BreadcrumbList","@id":"https:\/\/muzeumewolucji.pl\/?p=9670#breadcrumb","itemListElement":[{"@type":"ListItem","position":1,"name":"Home","item":"https:\/\/muzeumewolucji.pl\/"},{"@type":"ListItem","position":2,"name":"Nowy \u017c\u00f3\u0142w z triasu Francji"}]},{"@type":"WebSite","@id":"https:\/\/muzeumewolucji.pl\/#website","url":"https:\/\/muzeumewolucji.pl\/","name":"Muzeum Ewolucji Instytutu Paleobiologii PAN","description":"Popularyzujemy wiedz\u0119 o ewolucji \u017cycia na Ziemi","publisher":{"@id":"https:\/\/muzeumewolucji.pl\/#organization"},"potentialAction":[{"@type":"SearchAction","target":{"@type":"EntryPoint","urlTemplate":"https:\/\/muzeumewolucji.pl\/?s={search_term_string}"},"query-input":{"@type":"PropertyValueSpecification","valueRequired":true,"valueName":"search_term_string"}}],"inLanguage":"pl-PL"},{"@type":"Organization","@id":"https:\/\/muzeumewolucji.pl\/#organization","name":"Muzeum Ewolucji Instytutu Paleobiologii PAN","url":"https:\/\/muzeumewolucji.pl\/","logo":{"@type":"ImageObject","inLanguage":"pl-PL","@id":"https:\/\/muzeumewolucji.pl\/#\/schema\/logo\/image\/","url":"https:\/\/i0.wp.com\/muzeumewolucji.pl\/wp-content\/uploads\/2025\/10\/D-ME-logo-2025.png?fit=450%2C171&ssl=1","contentUrl":"https:\/\/i0.wp.com\/muzeumewolucji.pl\/wp-content\/uploads\/2025\/10\/D-ME-logo-2025.png?fit=450%2C171&ssl=1","width":450,"height":171,"caption":"Muzeum Ewolucji Instytutu Paleobiologii PAN"},"image":{"@id":"https:\/\/muzeumewolucji.pl\/#\/schema\/logo\/image\/"}},{"@type":"Person","@id":"https:\/\/muzeumewolucji.pl\/#\/schema\/person\/71a186d6f255ae6d2725b8c048ab5eb7","name":"Agnieszka K.","image":{"@type":"ImageObject","inLanguage":"pl-PL","@id":"https:\/\/muzeumewolucji.pl\/#\/schema\/person\/image\/","url":"https:\/\/secure.gravatar.com\/avatar\/9eca70a651f3154247388f2bd70d8f59?s=96&d=mm&r=g","contentUrl":"https:\/\/secure.gravatar.com\/avatar\/9eca70a651f3154247388f2bd70d8f59?s=96&d=mm&r=g","caption":"Agnieszka K."},"url":"https:\/\/muzeumewolucji.pl\/?author=3"}]}},"jetpack_featured_media_url":"https:\/\/i0.wp.com\/muzeumewolucji.pl\/wp-content\/uploads\/2026\/08\/Media_2026_Szczygielski.jpg?fit=965%2C500&ssl=1","jetpack_sharing_enabled":true,"_links":{"self":[{"href":"https:\/\/muzeumewolucji.pl\/index.php?rest_route=\/wp\/v2\/posts\/9670","targetHints":{"allow":["GET"]}}],"collection":[{"href":"https:\/\/muzeumewolucji.pl\/index.php?rest_route=\/wp\/v2\/posts"}],"about":[{"href":"https:\/\/muzeumewolucji.pl\/index.php?rest_route=\/wp\/v2\/types\/post"}],"author":[{"embeddable":true,"href":"https:\/\/muzeumewolucji.pl\/index.php?rest_route=\/wp\/v2\/users\/3"}],"replies":[{"embeddable":true,"href":"https:\/\/muzeumewolucji.pl\/index.php?rest_route=%2Fwp%2Fv2%2Fcomments&post=9670"}],"version-history":[{"count":7,"href":"https:\/\/muzeumewolucji.pl\/index.php?rest_route=\/wp\/v2\/posts\/9670\/revisions"}],"predecessor-version":[{"id":9678,"href":"https:\/\/muzeumewolucji.pl\/index.php?rest_route=\/wp\/v2\/posts\/9670\/revisions\/9678"}],"wp:featuredmedia":[{"embeddable":true,"href":"https:\/\/muzeumewolucji.pl\/index.php?rest_route=\/wp\/v2\/media\/9671"}],"wp:attachment":[{"href":"https:\/\/muzeumewolucji.pl\/index.php?rest_route=%2Fwp%2Fv2%2Fmedia&parent=9670"}],"wp:term":[{"taxonomy":"category","embeddable":true,"href":"https:\/\/muzeumewolucji.pl\/index.php?rest_route=%2Fwp%2Fv2%2Fcategories&post=9670"},{"taxonomy":"post_tag","embeddable":true,"href":"https:\/\/muzeumewolucji.pl\/index.php?rest_route=%2Fwp%2Fv2%2Ftags&post=9670"}],"curies":[{"name":"wp","href":"https:\/\/api.w.org\/{rel}","templated":true}]}}