{"id":8175,"date":"2025-05-28T13:09:24","date_gmt":"2025-05-28T11:09:24","guid":{"rendered":"https:\/\/muzeumewolucji.pl\/?p=8175"},"modified":"2025-06-23T15:05:37","modified_gmt":"2025-06-23T13:05:37","slug":"miocenski-krokodyl-spod-lodzi","status":"publish","type":"post","link":"https:\/\/muzeumewolucji.pl\/?p=8175","title":{"rendered":"Mioce\u0144ski krokodyl spod \u0141odzi"},"content":{"rendered":"\t\t<div data-elementor-type=\"wp-post\" data-elementor-id=\"8175\" class=\"elementor elementor-8175\">\n\t\t\t\t\t\t\t\t\t<section class=\"elementor-section elementor-top-section elementor-element elementor-element-5b2e6b0 elementor-section-boxed elementor-section-height-default elementor-section-height-default\" data-id=\"5b2e6b0\" data-element_type=\"section\">\n\t\t\t\t\t\t<div class=\"elementor-container elementor-column-gap-default\">\n\t\t\t\t\t<div class=\"elementor-column elementor-col-100 elementor-top-column elementor-element elementor-element-3fedb6be\" data-id=\"3fedb6be\" data-element_type=\"column\">\n\t\t\t<div class=\"elementor-widget-wrap elementor-element-populated\">\n\t\t\t\t\t\t\t\t<div class=\"elementor-element elementor-element-39406f69 elementor-widget elementor-widget-heading\" data-id=\"39406f69\" data-element_type=\"widget\" data-widget_type=\"heading.default\">\n\t\t\t\t<div class=\"elementor-widget-container\">\n\t\t\t<h3 class=\"elementor-heading-title elementor-size-default\">Mioce\u0144ski krokodyl spod \u0141odzi<\/h3>\t\t<\/div>\n\t\t\t\t<\/div>\n\t\t\t\t\t<\/div>\n\t\t<\/div>\n\t\t\t\t\t\t\t<\/div>\n\t\t<\/section>\n\t\t\t\t<section class=\"elementor-section elementor-top-section elementor-element elementor-element-6517cdd0 elementor-section-boxed elementor-section-height-default elementor-section-height-default\" data-id=\"6517cdd0\" data-element_type=\"section\">\n\t\t\t\t\t\t<div class=\"elementor-container elementor-column-gap-default\">\n\t\t\t\t\t<div class=\"elementor-column elementor-col-100 elementor-top-column elementor-element elementor-element-27e3b368\" data-id=\"27e3b368\" data-element_type=\"column\">\n\t\t\t<div class=\"elementor-widget-wrap elementor-element-populated\">\n\t\t\t\t\t\t\t\t<div class=\"elementor-element elementor-element-289eac80 elementor-widget elementor-widget-text-editor\" data-id=\"289eac80\" data-element_type=\"widget\" data-widget_type=\"text-editor.default\">\n\t\t\t\t<div class=\"elementor-widget-container\">\n\t\t\t\t\t\t\t<p><img fetchpriority=\"high\" decoding=\"async\" data-recalc-dims=\"1\" class=\"alignright wp-image-8176\" src=\"https:\/\/i0.wp.com\/muzeumewolucji.pl\/wp-content\/uploads\/2025\/05\/Milan_2025.jpg?resize=500%2C454&#038;ssl=1\" alt=\"\" width=\"500\" height=\"454\" srcset=\"https:\/\/i0.wp.com\/muzeumewolucji.pl\/wp-content\/uploads\/2025\/05\/Milan_2025.jpg?w=1012&amp;ssl=1 1012w, https:\/\/i0.wp.com\/muzeumewolucji.pl\/wp-content\/uploads\/2025\/05\/Milan_2025.jpg?resize=300%2C272&amp;ssl=1 300w, https:\/\/i0.wp.com\/muzeumewolucji.pl\/wp-content\/uploads\/2025\/05\/Milan_2025.jpg?resize=768%2C697&amp;ssl=1 768w\" sizes=\"(max-width: 500px) 100vw, 500px\" \/>Dzisiejsze geograficzne rozmieszczenie <a href=\"https:\/\/pl.wikipedia.org\/wiki\/Krokodyle\" target=\"_blank\" rel=\"noopener\">krokodyli<\/a> zawiera si\u0119 w zasadzie w ca\u0142o\u015bci w <a href=\"https:\/\/pl.wikipedia.org\/wiki\/Strefa_mi\u0119dzyzwrotnikowa\" target=\"_blank\" rel=\"noopener\">strefie tropikalnej<\/a> (poni\u017cej 37 r\u00f3wnole\u017cnika), czy jednak zawsze tak by\u0142o? Skamienia\u0142o\u015bci krokodyli ze <a href=\"https:\/\/pl.wikipedia.org\/wiki\/Szczerc\u00f3w\" target=\"_blank\" rel=\"noopener\">Szczercowa<\/a> (wojew\u00f3dztwo \u0142\u00f3dzkie) z okresu <a href=\"https:\/\/pl.wikipedia.org\/wiki\/Miocen\" target=\"_blank\" rel=\"noopener\">miocenu<\/a> (oko\u0142o 17 milion\u00f3w lat temu) nie tylko przekraczaj\u0105 50. r\u00f3wnole\u017cnik, ale w og\u00f3le jest to wysuni\u0119te najdalej na p\u00f3\u0142noc miejsce wyst\u0119powania krokodyli w ca\u0142ym <a href=\"https:\/\/pl.wikipedia.org\/wiki\/Neogen\" target=\"_blank\" rel=\"noopener\">neogenie<\/a> (m\u0142odszy okres ery kenozoicznej). Nowe badania pokazuj\u0105 wi\u0119c, jak korzystne dla krokodyli warunki panowa\u0142y w Europie w tamtym czasie oraz jak zwierz\u0119ta te s\u0105 wa\u017cnym wska\u017anikiem zmian klimatu w przesz\u0142o\u015bci.<\/p>\t\t\t\t\t\t<\/div>\n\t\t\t\t<\/div>\n\t\t\t\t\t<\/div>\n\t\t<\/div>\n\t\t\t\t\t\t\t<\/div>\n\t\t<\/section>\n\t\t\t\t<section class=\"elementor-section elementor-top-section elementor-element elementor-element-63da58c elementor-section-boxed elementor-section-height-default elementor-section-height-default\" data-id=\"63da58c\" data-element_type=\"section\">\n\t\t\t\t\t\t<div class=\"elementor-container elementor-column-gap-default\">\n\t\t\t\t\t<div class=\"elementor-column elementor-col-100 elementor-top-column elementor-element elementor-element-4dbc7a53\" data-id=\"4dbc7a53\" data-element_type=\"column\">\n\t\t\t<div class=\"elementor-widget-wrap elementor-element-populated\">\n\t\t\t\t\t\t\t\t<div class=\"elementor-element elementor-element-11def41a elementor-widget elementor-widget-text-editor\" data-id=\"11def41a\" data-element_type=\"widget\" data-widget_type=\"text-editor.default\">\n\t\t\t\t<div class=\"elementor-widget-container\">\n\t\t\t\t\t\t\t<p><strong>Publikacja IPal PAN:<\/strong> Marcin G\u00f3rka, Jakub B\u0159ezina, <a href=\"https:\/\/www.paleo.pan.pl\/pl\/Chroust.html\">Milan Chroust<\/a>, Rafa\u0142 Kowalski, Sergi L\u00f3pez-Torres, and Mateusz Ta\u0142anda. Crocodylian remains from the Miocene of the Fore-Carpathian Basin and its foreland\u2014including the world\u2019s northernmost Neogene crocodylian. <a href=\"https:\/\/www.app.pan.pl\/article\/item\/app011942024.html\" target=\"_blank\" rel=\"noopener\"><em>Acta Palaeontologica Polonica<\/em> 70 (2), 2025: 225-251<\/a>. doi:10.4202\/app.01194.2024<\/p>\t\t\t\t\t\t<\/div>\n\t\t\t\t<\/div>\n\t\t\t\t\t<\/div>\n\t\t<\/div>\n\t\t\t\t\t\t\t<\/div>\n\t\t<\/section>\n\t\t\t\t\t\t\t<\/div>\n\t\t","protected":false},"excerpt":{"rendered":"<p>Dzisiejsze geograficzne rozmieszczenie krokodyli zawiera si\u0119 w zasadzie w ca\u0142o\u015bci w strefie tropikalnej&#8230;<\/p>\n","protected":false},"author":3,"featured_media":8176,"comment_status":"closed","ping_status":"closed","sticky":false,"template":"","format":"standard","meta":{"_jetpack_memberships_contains_paid_content":false,"footnotes":""},"categories":[68],"tags":[],"class_list":["post-8175","post","type-post","status-publish","format-standard","has-post-thumbnail","hentry","category-aktualnosci-naukowe"],"yoast_head":"<!-- This site is optimized with the Yoast SEO plugin v26.8 - https:\/\/yoast.com\/product\/yoast-seo-wordpress\/ -->\n<title>Mioce\u0144ski krokodyl spod \u0141odzi - Muzeum Ewolucji Instytutu Paleobiologii PAN<\/title>\n<meta name=\"robots\" content=\"index, follow, max-snippet:-1, max-image-preview:large, max-video-preview:-1\" \/>\n<link rel=\"canonical\" href=\"https:\/\/muzeumewolucji.pl\/?p=8175\" \/>\n<meta property=\"og:locale\" content=\"pl_PL\" \/>\n<meta property=\"og:type\" content=\"article\" \/>\n<meta property=\"og:title\" content=\"Mioce\u0144ski krokodyl spod \u0141odzi - Muzeum Ewolucji Instytutu Paleobiologii PAN\" \/>\n<meta property=\"og:description\" content=\"Dzisiejsze geograficzne rozmieszczenie krokodyli zawiera si\u0119 w zasadzie w ca\u0142o\u015bci w strefie tropikalnej...\" \/>\n<meta property=\"og:url\" content=\"https:\/\/muzeumewolucji.pl\/?p=8175\" \/>\n<meta property=\"og:site_name\" content=\"Muzeum Ewolucji Instytutu Paleobiologii PAN\" \/>\n<meta property=\"article:published_time\" content=\"2025-05-28T11:09:24+00:00\" \/>\n<meta property=\"article:modified_time\" content=\"2025-06-23T13:05:37+00:00\" \/>\n<meta property=\"og:image\" content=\"https:\/\/muzeumewolucji.pl\/wp-content\/uploads\/2025\/05\/Milan_2025.jpg\" \/>\n\t<meta property=\"og:image:width\" content=\"1012\" \/>\n\t<meta property=\"og:image:height\" content=\"918\" \/>\n\t<meta property=\"og:image:type\" content=\"image\/jpeg\" \/>\n<meta name=\"author\" content=\"Agnieszka K.\" \/>\n<meta name=\"twitter:card\" content=\"summary_large_image\" \/>\n<meta name=\"twitter:label1\" content=\"Napisane przez\" \/>\n\t<meta name=\"twitter:data1\" content=\"Agnieszka K.\" \/>\n\t<meta name=\"twitter:label2\" content=\"Szacowany czas czytania\" \/>\n\t<meta name=\"twitter:data2\" content=\"2 minuty\" \/>\n<script type=\"application\/ld+json\" class=\"yoast-schema-graph\">{\"@context\":\"https:\/\/schema.org\",\"@graph\":[{\"@type\":\"Article\",\"@id\":\"https:\/\/muzeumewolucji.pl\/?p=8175#article\",\"isPartOf\":{\"@id\":\"https:\/\/muzeumewolucji.pl\/?p=8175\"},\"author\":{\"name\":\"Agnieszka K.\",\"@id\":\"https:\/\/muzeumewolucji.pl\/#\/schema\/person\/71a186d6f255ae6d2725b8c048ab5eb7\"},\"headline\":\"Mioce\u0144ski krokodyl spod \u0141odzi\",\"datePublished\":\"2025-05-28T11:09:24+00:00\",\"dateModified\":\"2025-06-23T13:05:37+00:00\",\"mainEntityOfPage\":{\"@id\":\"https:\/\/muzeumewolucji.pl\/?p=8175\"},\"wordCount\":163,\"publisher\":{\"@id\":\"https:\/\/muzeumewolucji.pl\/#organization\"},\"image\":{\"@id\":\"https:\/\/muzeumewolucji.pl\/?p=8175#primaryimage\"},\"thumbnailUrl\":\"https:\/\/i0.wp.com\/muzeumewolucji.pl\/wp-content\/uploads\/2025\/05\/Milan_2025.jpg?fit=1012%2C918&ssl=1\",\"articleSection\":[\"Aktualno\u015bci naukowe\"],\"inLanguage\":\"pl-PL\"},{\"@type\":\"WebPage\",\"@id\":\"https:\/\/muzeumewolucji.pl\/?p=8175\",\"url\":\"https:\/\/muzeumewolucji.pl\/?p=8175\",\"name\":\"Mioce\u0144ski krokodyl spod \u0141odzi - Muzeum Ewolucji Instytutu Paleobiologii PAN\",\"isPartOf\":{\"@id\":\"https:\/\/muzeumewolucji.pl\/#website\"},\"primaryImageOfPage\":{\"@id\":\"https:\/\/muzeumewolucji.pl\/?p=8175#primaryimage\"},\"image\":{\"@id\":\"https:\/\/muzeumewolucji.pl\/?p=8175#primaryimage\"},\"thumbnailUrl\":\"https:\/\/i0.wp.com\/muzeumewolucji.pl\/wp-content\/uploads\/2025\/05\/Milan_2025.jpg?fit=1012%2C918&ssl=1\",\"datePublished\":\"2025-05-28T11:09:24+00:00\",\"dateModified\":\"2025-06-23T13:05:37+00:00\",\"breadcrumb\":{\"@id\":\"https:\/\/muzeumewolucji.pl\/?p=8175#breadcrumb\"},\"inLanguage\":\"pl-PL\",\"potentialAction\":[{\"@type\":\"ReadAction\",\"target\":[\"https:\/\/muzeumewolucji.pl\/?p=8175\"]}]},{\"@type\":\"ImageObject\",\"inLanguage\":\"pl-PL\",\"@id\":\"https:\/\/muzeumewolucji.pl\/?p=8175#primaryimage\",\"url\":\"https:\/\/i0.wp.com\/muzeumewolucji.pl\/wp-content\/uploads\/2025\/05\/Milan_2025.jpg?fit=1012%2C918&ssl=1\",\"contentUrl\":\"https:\/\/i0.wp.com\/muzeumewolucji.pl\/wp-content\/uploads\/2025\/05\/Milan_2025.jpg?fit=1012%2C918&ssl=1\",\"width\":1012,\"height\":918},{\"@type\":\"BreadcrumbList\",\"@id\":\"https:\/\/muzeumewolucji.pl\/?p=8175#breadcrumb\",\"itemListElement\":[{\"@type\":\"ListItem\",\"position\":1,\"name\":\"Home\",\"item\":\"https:\/\/muzeumewolucji.pl\/\"},{\"@type\":\"ListItem\",\"position\":2,\"name\":\"Mioce\u0144ski krokodyl spod \u0141odzi\"}]},{\"@type\":\"WebSite\",\"@id\":\"https:\/\/muzeumewolucji.pl\/#website\",\"url\":\"https:\/\/muzeumewolucji.pl\/\",\"name\":\"Muzeum Ewolucji Instytutu Paleobiologii PAN\",\"description\":\"Popularyzujemy wiedz\u0119 o ewolucji \u017cycia na Ziemi\",\"publisher\":{\"@id\":\"https:\/\/muzeumewolucji.pl\/#organization\"},\"potentialAction\":[{\"@type\":\"SearchAction\",\"target\":{\"@type\":\"EntryPoint\",\"urlTemplate\":\"https:\/\/muzeumewolucji.pl\/?s={search_term_string}\"},\"query-input\":{\"@type\":\"PropertyValueSpecification\",\"valueRequired\":true,\"valueName\":\"search_term_string\"}}],\"inLanguage\":\"pl-PL\"},{\"@type\":\"Organization\",\"@id\":\"https:\/\/muzeumewolucji.pl\/#organization\",\"name\":\"Muzeum Ewolucji Instytutu Paleobiologii PAN\",\"url\":\"https:\/\/muzeumewolucji.pl\/\",\"logo\":{\"@type\":\"ImageObject\",\"inLanguage\":\"pl-PL\",\"@id\":\"https:\/\/muzeumewolucji.pl\/#\/schema\/logo\/image\/\",\"url\":\"https:\/\/i0.wp.com\/muzeumewolucji.pl\/wp-content\/uploads\/2025\/10\/D-ME-logo-2025.png?fit=450%2C171&ssl=1\",\"contentUrl\":\"https:\/\/i0.wp.com\/muzeumewolucji.pl\/wp-content\/uploads\/2025\/10\/D-ME-logo-2025.png?fit=450%2C171&ssl=1\",\"width\":450,\"height\":171,\"caption\":\"Muzeum Ewolucji Instytutu Paleobiologii PAN\"},\"image\":{\"@id\":\"https:\/\/muzeumewolucji.pl\/#\/schema\/logo\/image\/\"}},{\"@type\":\"Person\",\"@id\":\"https:\/\/muzeumewolucji.pl\/#\/schema\/person\/71a186d6f255ae6d2725b8c048ab5eb7\",\"name\":\"Agnieszka K.\",\"image\":{\"@type\":\"ImageObject\",\"inLanguage\":\"pl-PL\",\"@id\":\"https:\/\/muzeumewolucji.pl\/#\/schema\/person\/image\/\",\"url\":\"https:\/\/secure.gravatar.com\/avatar\/9eca70a651f3154247388f2bd70d8f59?s=96&d=mm&r=g\",\"contentUrl\":\"https:\/\/secure.gravatar.com\/avatar\/9eca70a651f3154247388f2bd70d8f59?s=96&d=mm&r=g\",\"caption\":\"Agnieszka K.\"},\"url\":\"https:\/\/muzeumewolucji.pl\/?author=3\"}]}<\/script>\n<!-- \/ Yoast SEO plugin. -->","yoast_head_json":{"title":"Mioce\u0144ski krokodyl spod \u0141odzi - Muzeum Ewolucji Instytutu Paleobiologii PAN","robots":{"index":"index","follow":"follow","max-snippet":"max-snippet:-1","max-image-preview":"max-image-preview:large","max-video-preview":"max-video-preview:-1"},"canonical":"https:\/\/muzeumewolucji.pl\/?p=8175","og_locale":"pl_PL","og_type":"article","og_title":"Mioce\u0144ski krokodyl spod \u0141odzi - Muzeum Ewolucji Instytutu Paleobiologii PAN","og_description":"Dzisiejsze geograficzne rozmieszczenie krokodyli zawiera si\u0119 w zasadzie w ca\u0142o\u015bci w strefie tropikalnej...","og_url":"https:\/\/muzeumewolucji.pl\/?p=8175","og_site_name":"Muzeum Ewolucji Instytutu Paleobiologii PAN","article_published_time":"2025-05-28T11:09:24+00:00","article_modified_time":"2025-06-23T13:05:37+00:00","og_image":[{"width":1012,"height":918,"url":"https:\/\/muzeumewolucji.pl\/wp-content\/uploads\/2025\/05\/Milan_2025.jpg","type":"image\/jpeg"}],"author":"Agnieszka K.","twitter_card":"summary_large_image","twitter_misc":{"Napisane przez":"Agnieszka K.","Szacowany czas czytania":"2 minuty"},"schema":{"@context":"https:\/\/schema.org","@graph":[{"@type":"Article","@id":"https:\/\/muzeumewolucji.pl\/?p=8175#article","isPartOf":{"@id":"https:\/\/muzeumewolucji.pl\/?p=8175"},"author":{"name":"Agnieszka K.","@id":"https:\/\/muzeumewolucji.pl\/#\/schema\/person\/71a186d6f255ae6d2725b8c048ab5eb7"},"headline":"Mioce\u0144ski krokodyl spod \u0141odzi","datePublished":"2025-05-28T11:09:24+00:00","dateModified":"2025-06-23T13:05:37+00:00","mainEntityOfPage":{"@id":"https:\/\/muzeumewolucji.pl\/?p=8175"},"wordCount":163,"publisher":{"@id":"https:\/\/muzeumewolucji.pl\/#organization"},"image":{"@id":"https:\/\/muzeumewolucji.pl\/?p=8175#primaryimage"},"thumbnailUrl":"https:\/\/i0.wp.com\/muzeumewolucji.pl\/wp-content\/uploads\/2025\/05\/Milan_2025.jpg?fit=1012%2C918&ssl=1","articleSection":["Aktualno\u015bci naukowe"],"inLanguage":"pl-PL"},{"@type":"WebPage","@id":"https:\/\/muzeumewolucji.pl\/?p=8175","url":"https:\/\/muzeumewolucji.pl\/?p=8175","name":"Mioce\u0144ski krokodyl spod \u0141odzi - Muzeum Ewolucji Instytutu Paleobiologii PAN","isPartOf":{"@id":"https:\/\/muzeumewolucji.pl\/#website"},"primaryImageOfPage":{"@id":"https:\/\/muzeumewolucji.pl\/?p=8175#primaryimage"},"image":{"@id":"https:\/\/muzeumewolucji.pl\/?p=8175#primaryimage"},"thumbnailUrl":"https:\/\/i0.wp.com\/muzeumewolucji.pl\/wp-content\/uploads\/2025\/05\/Milan_2025.jpg?fit=1012%2C918&ssl=1","datePublished":"2025-05-28T11:09:24+00:00","dateModified":"2025-06-23T13:05:37+00:00","breadcrumb":{"@id":"https:\/\/muzeumewolucji.pl\/?p=8175#breadcrumb"},"inLanguage":"pl-PL","potentialAction":[{"@type":"ReadAction","target":["https:\/\/muzeumewolucji.pl\/?p=8175"]}]},{"@type":"ImageObject","inLanguage":"pl-PL","@id":"https:\/\/muzeumewolucji.pl\/?p=8175#primaryimage","url":"https:\/\/i0.wp.com\/muzeumewolucji.pl\/wp-content\/uploads\/2025\/05\/Milan_2025.jpg?fit=1012%2C918&ssl=1","contentUrl":"https:\/\/i0.wp.com\/muzeumewolucji.pl\/wp-content\/uploads\/2025\/05\/Milan_2025.jpg?fit=1012%2C918&ssl=1","width":1012,"height":918},{"@type":"BreadcrumbList","@id":"https:\/\/muzeumewolucji.pl\/?p=8175#breadcrumb","itemListElement":[{"@type":"ListItem","position":1,"name":"Home","item":"https:\/\/muzeumewolucji.pl\/"},{"@type":"ListItem","position":2,"name":"Mioce\u0144ski krokodyl spod \u0141odzi"}]},{"@type":"WebSite","@id":"https:\/\/muzeumewolucji.pl\/#website","url":"https:\/\/muzeumewolucji.pl\/","name":"Muzeum Ewolucji Instytutu Paleobiologii PAN","description":"Popularyzujemy wiedz\u0119 o ewolucji \u017cycia na Ziemi","publisher":{"@id":"https:\/\/muzeumewolucji.pl\/#organization"},"potentialAction":[{"@type":"SearchAction","target":{"@type":"EntryPoint","urlTemplate":"https:\/\/muzeumewolucji.pl\/?s={search_term_string}"},"query-input":{"@type":"PropertyValueSpecification","valueRequired":true,"valueName":"search_term_string"}}],"inLanguage":"pl-PL"},{"@type":"Organization","@id":"https:\/\/muzeumewolucji.pl\/#organization","name":"Muzeum Ewolucji Instytutu Paleobiologii PAN","url":"https:\/\/muzeumewolucji.pl\/","logo":{"@type":"ImageObject","inLanguage":"pl-PL","@id":"https:\/\/muzeumewolucji.pl\/#\/schema\/logo\/image\/","url":"https:\/\/i0.wp.com\/muzeumewolucji.pl\/wp-content\/uploads\/2025\/10\/D-ME-logo-2025.png?fit=450%2C171&ssl=1","contentUrl":"https:\/\/i0.wp.com\/muzeumewolucji.pl\/wp-content\/uploads\/2025\/10\/D-ME-logo-2025.png?fit=450%2C171&ssl=1","width":450,"height":171,"caption":"Muzeum Ewolucji Instytutu Paleobiologii PAN"},"image":{"@id":"https:\/\/muzeumewolucji.pl\/#\/schema\/logo\/image\/"}},{"@type":"Person","@id":"https:\/\/muzeumewolucji.pl\/#\/schema\/person\/71a186d6f255ae6d2725b8c048ab5eb7","name":"Agnieszka K.","image":{"@type":"ImageObject","inLanguage":"pl-PL","@id":"https:\/\/muzeumewolucji.pl\/#\/schema\/person\/image\/","url":"https:\/\/secure.gravatar.com\/avatar\/9eca70a651f3154247388f2bd70d8f59?s=96&d=mm&r=g","contentUrl":"https:\/\/secure.gravatar.com\/avatar\/9eca70a651f3154247388f2bd70d8f59?s=96&d=mm&r=g","caption":"Agnieszka K."},"url":"https:\/\/muzeumewolucji.pl\/?author=3"}]}},"jetpack_featured_media_url":"https:\/\/i0.wp.com\/muzeumewolucji.pl\/wp-content\/uploads\/2025\/05\/Milan_2025.jpg?fit=1012%2C918&ssl=1","jetpack_sharing_enabled":true,"_links":{"self":[{"href":"https:\/\/muzeumewolucji.pl\/index.php?rest_route=\/wp\/v2\/posts\/8175","targetHints":{"allow":["GET"]}}],"collection":[{"href":"https:\/\/muzeumewolucji.pl\/index.php?rest_route=\/wp\/v2\/posts"}],"about":[{"href":"https:\/\/muzeumewolucji.pl\/index.php?rest_route=\/wp\/v2\/types\/post"}],"author":[{"embeddable":true,"href":"https:\/\/muzeumewolucji.pl\/index.php?rest_route=\/wp\/v2\/users\/3"}],"replies":[{"embeddable":true,"href":"https:\/\/muzeumewolucji.pl\/index.php?rest_route=%2Fwp%2Fv2%2Fcomments&post=8175"}],"version-history":[{"count":4,"href":"https:\/\/muzeumewolucji.pl\/index.php?rest_route=\/wp\/v2\/posts\/8175\/revisions"}],"predecessor-version":[{"id":8180,"href":"https:\/\/muzeumewolucji.pl\/index.php?rest_route=\/wp\/v2\/posts\/8175\/revisions\/8180"}],"wp:featuredmedia":[{"embeddable":true,"href":"https:\/\/muzeumewolucji.pl\/index.php?rest_route=\/wp\/v2\/media\/8176"}],"wp:attachment":[{"href":"https:\/\/muzeumewolucji.pl\/index.php?rest_route=%2Fwp%2Fv2%2Fmedia&parent=8175"}],"wp:term":[{"taxonomy":"category","embeddable":true,"href":"https:\/\/muzeumewolucji.pl\/index.php?rest_route=%2Fwp%2Fv2%2Fcategories&post=8175"},{"taxonomy":"post_tag","embeddable":true,"href":"https:\/\/muzeumewolucji.pl\/index.php?rest_route=%2Fwp%2Fv2%2Ftags&post=8175"}],"curies":[{"name":"wp","href":"https:\/\/api.w.org\/{rel}","templated":true}]}}